{"id":8669,"date":"2025-11-23T09:58:13","date_gmt":"2025-11-23T12:58:13","guid":{"rendered":"https:\/\/ficer.com.ar\/2025\/?p=8669"},"modified":"2025-11-22T10:06:45","modified_gmt":"2025-11-22T13:06:45","slug":"el-mensaje-la-pelicula-que-enciende-las-pantallas-del-ficer","status":"publish","type":"post","link":"https:\/\/ficer.com.ar\/2025\/el-mensaje-la-pelicula-que-enciende-las-pantallas-del-ficer\/","title":{"rendered":"El mensaje, la pel\u00edcula que enciende las pantallas del FICER"},"content":{"rendered":"\n<figure class=\"wp-block-image size-large\"><img fetchpriority=\"high\" decoding=\"async\" width=\"1024\" height=\"554\" src=\"https:\/\/ficer.com.ar\/2025\/wp-content\/uploads\/2025\/11\/2-El-Mensaje-Anika-Bootz-1024x554.jpg\" alt=\"\" class=\"wp-image-8672\" srcset=\"https:\/\/ficer.com.ar\/2025\/wp-content\/uploads\/2025\/11\/2-El-Mensaje-Anika-Bootz-1024x554.jpg 1024w, https:\/\/ficer.com.ar\/2025\/wp-content\/uploads\/2025\/11\/2-El-Mensaje-Anika-Bootz-300x162.jpg 300w, https:\/\/ficer.com.ar\/2025\/wp-content\/uploads\/2025\/11\/2-El-Mensaje-Anika-Bootz-768x415.jpg 768w, https:\/\/ficer.com.ar\/2025\/wp-content\/uploads\/2025\/11\/2-El-Mensaje-Anika-Bootz-1536x830.jpg 1536w, https:\/\/ficer.com.ar\/2025\/wp-content\/uploads\/2025\/11\/2-El-Mensaje-Anika-Bootz-2048x1107.jpg 2048w\" sizes=\"(max-width: 1024px) 100vw, 1024px\" \/><\/figure>\n\n\n\n<p>Es motivo para celebrar que el Festival Internacional de Cine de Entre R\u00edos (FICER) pueda ser inaugurado con una pel\u00edcula entrerriana. La obra elegida para la ocasi\u00f3n es <em>El mensaje<\/em> de Iv\u00e1n Fund. El momento de verla ser\u00e1 este martes 25 de noviembre a las 20:30 en el primer piso del Centro Provincial de Convenciones (San Mart\u00edn 15\/35, Paran\u00e1). La entrada es libre y gratuita.&nbsp;&nbsp;<\/p>\n\n\n\n<p>Esta producci\u00f3n<em> <\/em>cinematogr\u00e1fica es una <em>road movie<\/em> protagonizada por una ni\u00f1a que dice recibir mensajes de los animales. Sus tutores aprovechan este don para ofrecer sus servicios de <em>m\u00e9dium<\/em> entre las mascotas y sus due\u00f1os. Tras el dinero de personas que quieren saber qu\u00e9 sienten sus compa\u00f1eros de otras especies (vivos o muertos) viajan a bordo de un peque\u00f1o <em>motorhome<\/em> por los caminos vecinales del territorio entrerriano.&nbsp;<\/p>\n\n\n\n<p>Con esta pel\u00edcula el director contin\u00faa una senda, trazada en otras como <em>Vendr\u00e1n lluvias suaves<\/em> (2018) o <em>Piedra Noche<\/em> (2021), que pone en perspectiva la sensibilidad de la infancia. En todos los casos, lo fant\u00e1stico o lo m\u00e1gico son parte del mundo de los ni\u00f1os en contraposici\u00f3n al de los adultos dormidos, incr\u00e9dulos o aprovechadores.&nbsp;<\/p>\n\n\n\n<p>La ni\u00f1a protagonista de <em>El mensaje<\/em>, interpretada por Anika Bootz, es retratada con gran delicadeza para dejar entrever su mirada de las cosas. Casi siempre en silencio, salvo cuando tiene que interpretar el idioma de los animales, dice mucho de su universo interno y del contexto de los mayores, m\u00e1s bien err\u00e1tico y especulativo, pero tambi\u00e9n sufrido y en crisis. En este sentido, detr\u00e1s de las im\u00e1genes, late el misterio de la transacci\u00f3n entre el mundo candoroso y l\u00fadico con el del reino del dinero y los v\u00ednculos utilitarios.&nbsp;<\/p>\n\n\n\n<p>Esa b\u00fasqueda se va por la huella del camino que recorren los personajes, un elenco con grandes figuras como Mara Bestelli y Marcelo Subiotto, y que marca la fugacidad de una existencia precaria y alucinante en permanente tr\u00e1nsito; con escalas en la banquina, en paradores ruteros, en pueblos y atardeceres hechos con la luz de la provincia y la fuerza del canto de los teros. Los episodios de esta escena vital, asombrosa y realista a la vez, son hilvanados a partir de un motivo musical que marca el tempo de los \u00e1nimos.<\/p>\n\n\n\n<p>Iv\u00e1n Fund naci\u00f3 en San Crist\u00f3bal (Santa Fe) en 1984 y pas\u00f3 su infancia y adolescencia en Crespo. Con <em>El mensaje<\/em>, se alz\u00f3 con el Oso de Plata del Jurado en el Festival de Berl\u00edn de 2025. Adem\u00e1s, con trabajos anteriores, ha participado de los principales festivales del mundo como Cannes, Venecia, San Sebasti\u00e1n y Mar del Plata, entre otros, recibiendo diversas distinciones.<\/p>\n\n\n\n<p><\/p>\n","protected":false},"excerpt":{"rendered":"<p>Es motivo para celebrar que el Festival Internacional de Cine de Entre R\u00edos (FICER) pueda ser inaugurado con una pel\u00edcula entrerriana. La obra elegida para la ocasi\u00f3n es El mensaje de Iv\u00e1n Fund. El momento de verla ser\u00e1 este martes 25 de noviembre a las 20:30 en el primer piso del Centro Provincial de Convenciones (San Mart\u00edn 15\/35, Paran\u00e1). La entrada es libre y gratuita.&nbsp;&nbsp; Esta producci\u00f3n cinematogr\u00e1fica es una road movie protagonizada por una ni\u00f1a que dice recibir mensajes de los animales. Sus tutores aprovechan este don para ofrecer sus servicios de m\u00e9dium entre las mascotas y sus due\u00f1os. Tras el dinero de personas que quieren saber qu\u00e9 sienten sus compa\u00f1eros de otras especies (vivos o muertos) viajan a bordo de un peque\u00f1o motorhome por los caminos vecinales del territorio entrerriano.&nbsp; Con esta pel\u00edcula el director contin\u00faa una senda, trazada en otras como Vendr\u00e1n lluvias suaves (2018) o Piedra Noche (2021), que pone en perspectiva la sensibilidad de la infancia. En todos los casos, lo fant\u00e1stico o lo m\u00e1gico son parte del mundo de los ni\u00f1os en contraposici\u00f3n al de los adultos dormidos, incr\u00e9dulos o aprovechadores.&nbsp; La ni\u00f1a protagonista de El mensaje, interpretada por Anika Bootz, es retratada con gran delicadeza para dejar entrever su mirada de las cosas. Casi siempre en silencio, salvo cuando tiene que interpretar el idioma de los animales, dice mucho de su universo interno y del contexto de los mayores, m\u00e1s bien err\u00e1tico y especulativo, pero tambi\u00e9n sufrido y en crisis. En este sentido, detr\u00e1s de las im\u00e1genes, late el misterio de la transacci\u00f3n entre el mundo candoroso y l\u00fadico con el del reino del dinero y los v\u00ednculos utilitarios.&nbsp; Esa b\u00fasqueda se va por la huella del camino que recorren los personajes, un elenco con grandes figuras como Mara Bestelli y Marcelo Subiotto, y que marca la fugacidad de una existencia precaria y alucinante en permanente tr\u00e1nsito; con escalas en la banquina, en paradores ruteros, en pueblos y atardeceres hechos con la luz de la provincia y la fuerza del canto de los teros. Los episodios de esta escena vital, asombrosa y realista a la vez, son hilvanados a partir de un motivo musical que marca el tempo de los \u00e1nimos. Iv\u00e1n Fund naci\u00f3 en San Crist\u00f3bal (Santa Fe) en 1984 y pas\u00f3 su infancia y adolescencia en Crespo. Con El mensaje, se alz\u00f3 con el Oso de Plata del Jurado en el Festival de Berl\u00edn de 2025. Adem\u00e1s, con trabajos anteriores, ha participado de los principales festivales del mundo como Cannes, Venecia, San Sebasti\u00e1n y Mar del Plata, entre otros, recibiendo diversas distinciones.<\/p>\n","protected":false},"author":12,"featured_media":8672,"comment_status":"open","ping_status":"open","sticky":false,"template":"","format":"standard","meta":{"footnotes":""},"categories":[236],"tags":[],"class_list":["post-8669","post","type-post","status-publish","format-standard","has-post-thumbnail","hentry","category-ficer-2025"],"_links":{"self":[{"href":"https:\/\/ficer.com.ar\/2025\/wp-json\/wp\/v2\/posts\/8669","targetHints":{"allow":["GET"]}}],"collection":[{"href":"https:\/\/ficer.com.ar\/2025\/wp-json\/wp\/v2\/posts"}],"about":[{"href":"https:\/\/ficer.com.ar\/2025\/wp-json\/wp\/v2\/types\/post"}],"author":[{"embeddable":true,"href":"https:\/\/ficer.com.ar\/2025\/wp-json\/wp\/v2\/users\/12"}],"replies":[{"embeddable":true,"href":"https:\/\/ficer.com.ar\/2025\/wp-json\/wp\/v2\/comments?post=8669"}],"version-history":[{"count":1,"href":"https:\/\/ficer.com.ar\/2025\/wp-json\/wp\/v2\/posts\/8669\/revisions"}],"predecessor-version":[{"id":8673,"href":"https:\/\/ficer.com.ar\/2025\/wp-json\/wp\/v2\/posts\/8669\/revisions\/8673"}],"wp:featuredmedia":[{"embeddable":true,"href":"https:\/\/ficer.com.ar\/2025\/wp-json\/wp\/v2\/media\/8672"}],"wp:attachment":[{"href":"https:\/\/ficer.com.ar\/2025\/wp-json\/wp\/v2\/media?parent=8669"}],"wp:term":[{"taxonomy":"category","embeddable":true,"href":"https:\/\/ficer.com.ar\/2025\/wp-json\/wp\/v2\/categories?post=8669"},{"taxonomy":"post_tag","embeddable":true,"href":"https:\/\/ficer.com.ar\/2025\/wp-json\/wp\/v2\/tags?post=8669"}],"curies":[{"name":"wp","href":"https:\/\/api.w.org\/{rel}","templated":true}]}}