{"id":8861,"date":"2025-11-22T10:52:44","date_gmt":"2025-11-22T13:52:44","guid":{"rendered":"https:\/\/ficer.com.ar\/2025\/?p=8861"},"modified":"2025-11-22T11:14:13","modified_gmt":"2025-11-22T14:14:13","slug":"participaran-26-proyectos-audiovisuales-en-el-espacio-de-promocion-del-ficer-forum","status":"publish","type":"post","link":"https:\/\/ficer.com.ar\/2025\/participaran-26-proyectos-audiovisuales-en-el-espacio-de-promocion-del-ficer-forum\/","title":{"rendered":"Participar\u00e1n 26 proyectos audiovisuales en el espacio de promoci\u00f3n del FICER Forum"},"content":{"rendered":"\n<p>Ser\u00e1 dentro de la programaci\u00f3n del 7\u00b0 Festival Internacional de Cine de Entre R\u00edos (FICER), que se desarrollar\u00e1 en Paran\u00e1, desde este martes 25 hasta el domingo 30, y es organizado por el Gobierno de Entre R\u00edos, a trav\u00e9s del Instituto Aut\u00e1rquico Audiovisual de Entre R\u00edos (IAAER). Competir\u00e1n por premios monetarios y servicios profesionales seg\u00fan la categor\u00eda, entre proyectos seleccionados e invitados.<\/p>\n\n\n\n<p>El FICER Forum es el espacio para la industria audiovisual que se presenta en esta edici\u00f3n y est\u00e1 destinado a proyectos de primeras y segundas pel\u00edculas en fase de desarrollo, para cineastas de Entre R\u00edos, Santa Fe, Corrientes, Misiones, Chaco, Formosa y C\u00f3rdoba, con el objetivo de fomentar la producci\u00f3n de cine en la regi\u00f3n. Se inscribieron m\u00e1s de 75 propuestas en una convocatoria abierta, 12 fueron seleccionadas, que compartir\u00e1n mesas de conversaci\u00f3n, rondas de negocios, conferencias y una sesi\u00f3n de pitching. Todos ellos competir\u00e1n por premios monetarios y en servicios profesionales. A ellos se suman la selecci\u00f3n de otros 14 proyectos m\u00e1s, en car\u00e1cter de invitados, que acceder\u00e1n como premiaci\u00f3n a servicios profesionales para sus propuestas. El encuentro y las actividades entre los postulantes se desarrollar\u00e1n a lo largo de las tres primeras jornadas del festival.<\/p>\n\n\n\n<p>Proyectos Seleccionados:<\/p>\n\n\n\n<p>&#8211; <strong>Con locura y pasi\u00f3n<\/strong> de Mat\u00edas Gabriel Amuedo. Producci\u00f3n: Camila Bel\u00e9n Vera (C\u00f3rdoba)<\/p>\n\n\n\n<p>&#8211; <strong>Tetas<\/strong> de Ang\u00e9lica Germanetti. Producci\u00f3n: Mar\u00eda Antonella Riga y Fernanda Rocca, (C\u00f3rdoba)<\/p>\n\n\n\n<p>&#8211; <strong>Todo bien igual<\/strong> de Victoria De Michele (Entre R\u00edos)<\/p>\n\n\n\n<p>&#8211; <strong>Rumores<\/strong> de Thomas Voloder Antenucci. Producci\u00f3n: Mateo Osorio (Entre R\u00edos)<\/p>\n\n\n\n<p>&#8211; <strong>Agua colorada<\/strong> de Julio Olmedo. Producci\u00f3n: Agust\u00edn de Torres (Entre R\u00edos)<\/p>\n\n\n\n<p>&#8211; <strong>Tornado del 97<\/strong> de Paula Florencia Burna Elstner. Producci\u00f3n: Julieta B. G\u00f3mez (Entre R\u00edos)<\/p>\n\n\n\n<p>&#8211; <strong>Silvestre<\/strong> de Eli\u00e1n Guerin. Producci\u00f3n: Andr\u00e9s Tes (Oficial NEA)<\/p>\n\n\n\n<p>&#8211; <strong>Perla Guaran\u00ed<\/strong> de Gabriela Pastor. Producci\u00f3n: Ariana Aisemberg (Oficial NEA)<\/p>\n\n\n\n<p>&#8211; <strong>Puente Ojo<\/strong> de Josefina Lens. Producci\u00f3n: Eduardo Bustamante. (Oficial NEA)<\/p>\n\n\n\n<p>&#8211; <strong>Apartado del camino<\/strong> de Miler Blasco (Santa Fe)<\/p>\n\n\n\n<p>&#8211; <strong>Los amantes que no sab\u00edan demasiado<\/strong> de Baltasar Albrecht y Gast\u00f3n Del Porto. Producci\u00f3n: Arturo Castro Godoy (Santa Fe)<\/p>\n\n\n\n<p>&#8211; <strong>Combustible<\/strong> de Victoria Saez. Producci\u00f3n: Jaquelina Molina y Agust\u00edn Falco (Santa Fe)<\/p>\n\n\n\n<p><br>Proyectos que participar\u00e1n como invitados:<\/p>\n\n\n\n<p>&#8211; <strong>La suspensi\u00f3n del tiempo<\/strong> de Marina Layana. (FAB R\u00edo Negro)<\/p>\n\n\n\n<p>&#8211; <strong>Flor<\/strong> de Fernando del Castillo. Producci\u00f3n: Pamela Carlino. (Pulsar, Santa Fe)<\/p>\n\n\n\n<p>&#8211; <strong>Un ascensor sospechosamente grande,<\/strong> de Augusto Robert Vaudagna. Producci\u00f3n: Juli\u00e1n L\u00f3pez. (Pulsar Santa Fe)<\/p>\n\n\n\n<p>&#8211; <strong>En la piel del familiar<\/strong> de Emilio L\u00f3pez. Producci\u00f3n: B\u00e1rbara Volpatti. (Pulsar Santa Fe)<\/p>\n\n\n\n<p>&#8211; <strong>Chalet<\/strong> de Joaqu\u00edn Gamba y Lucio Gagliardo. Producci\u00f3n: Ana Taleb. (Pulsar Santa Fe)<\/p>\n\n\n\n<p>&#8211; <strong>Ramona<\/strong> de Lisa Caligaris. Producci\u00f3n: Francisco Matiozzi Molinas. (Pulsar Santa Fe)<\/p>\n\n\n\n<p>&#8211; <strong>Once familias<\/strong> de Andr\u00e9s Dentoni. Producci\u00f3n: Paula Kuschnir. (Pulsar Santa Fe)<\/p>\n\n\n\n<p>&#8211; <strong>Azara<\/strong> de Paula Manzone. Producci\u00f3n: Juan Ferreira, Oriana Castro, Nicol\u00e1s Werner y Luc\u00eda Alca\u00edn. (IAAVIM MAEF Misiones)<\/p>\n\n\n\n<p>&#8211; <strong>Ramoncito<\/strong> de Conrado Ar\u00e9valo. Producci\u00f3n: Elbio Vargas. (ARAER Entre R\u00edos)<\/p>\n\n\n\n<p>&#8211; <strong>El rodeo<\/strong> de Regina Prina. Producci\u00f3n: Milagros Aranda. (ARAER Entre R\u00edos)<\/p>\n\n\n\n<p>&#8211; <strong>Despu\u00e9s de una maldici\u00f3n, los milagros<\/strong> de Yamila Cabrera. Producci\u00f3n: Natalia Pauloni. (ARAER Entre R\u00edos)<\/p>\n\n\n\n<p>&#8211; <strong>Los visitantes<\/strong> de Faustino Sosa y Julieta Alegre. Producci\u00f3n: Faustino Sosa. (ARAER Entre R\u00edos)<\/p>\n\n\n\n<p>&#8211; <strong>Camino<\/strong> de Germ\u00e1n Berger. Producci\u00f3n: Nahuel Balcarce. (ARAER Entre R\u00edos)<\/p>\n\n\n\n<p>&#8211; <strong>Las cuchillas<\/strong> de Renzo Blanc. Producci\u00f3n: Virginia Tournour. ARAER Entre R\u00edos.<br><br><br><br><\/p>\n\n\n\n<p><\/p>\n","protected":false},"excerpt":{"rendered":"<p>Ser\u00e1 dentro de la programaci\u00f3n del 7\u00b0 Festival Internacional de Cine de Entre R\u00edos (FICER), que se desarrollar\u00e1 en Paran\u00e1, desde este martes 25 hasta el domingo 30, y es organizado por el Gobierno de Entre R\u00edos, a trav\u00e9s del Instituto Aut\u00e1rquico Audiovisual de Entre R\u00edos (IAAER). Competir\u00e1n por premios monetarios y servicios profesionales seg\u00fan la categor\u00eda, entre proyectos seleccionados e invitados. El FICER Forum es el espacio para la industria audiovisual que se presenta en esta edici\u00f3n y est\u00e1 destinado a proyectos de primeras y segundas pel\u00edculas en fase de desarrollo, para cineastas de Entre R\u00edos, Santa Fe, Corrientes, Misiones, Chaco, Formosa y C\u00f3rdoba, con el objetivo de fomentar la producci\u00f3n de cine en la regi\u00f3n. Se inscribieron m\u00e1s de 75 propuestas en una convocatoria abierta, 12 fueron seleccionadas, que compartir\u00e1n mesas de conversaci\u00f3n, rondas de negocios, conferencias y una sesi\u00f3n de pitching. Todos ellos competir\u00e1n por premios monetarios y en servicios profesionales. A ellos se suman la selecci\u00f3n de otros 14 proyectos m\u00e1s, en car\u00e1cter de invitados, que acceder\u00e1n como premiaci\u00f3n a servicios profesionales para sus propuestas. El encuentro y las actividades entre los postulantes se desarrollar\u00e1n a lo largo de las tres primeras jornadas del festival. Proyectos Seleccionados: &#8211; Con locura y pasi\u00f3n de Mat\u00edas Gabriel Amuedo. Producci\u00f3n: Camila Bel\u00e9n Vera (C\u00f3rdoba) &#8211; Tetas de Ang\u00e9lica Germanetti. Producci\u00f3n: Mar\u00eda Antonella Riga y Fernanda Rocca, (C\u00f3rdoba) &#8211; Todo bien igual de Victoria De Michele (Entre R\u00edos) &#8211; Rumores de Thomas Voloder Antenucci. Producci\u00f3n: Mateo Osorio (Entre R\u00edos) &#8211; Agua colorada de Julio Olmedo. Producci\u00f3n: Agust\u00edn de Torres (Entre R\u00edos) &#8211; Tornado del 97 de Paula Florencia Burna Elstner. Producci\u00f3n: Julieta B. G\u00f3mez (Entre R\u00edos) &#8211; Silvestre de Eli\u00e1n Guerin. Producci\u00f3n: Andr\u00e9s Tes (Oficial NEA) &#8211; Perla Guaran\u00ed de Gabriela Pastor. Producci\u00f3n: Ariana Aisemberg (Oficial NEA) &#8211; Puente Ojo de Josefina Lens. Producci\u00f3n: Eduardo Bustamante. (Oficial NEA) &#8211; Apartado del camino de Miler Blasco (Santa Fe) &#8211; Los amantes que no sab\u00edan demasiado de Baltasar Albrecht y Gast\u00f3n Del Porto. Producci\u00f3n: Arturo Castro Godoy (Santa Fe) &#8211; Combustible de Victoria Saez. Producci\u00f3n: Jaquelina Molina y Agust\u00edn Falco (Santa Fe) Proyectos que participar\u00e1n como invitados: &#8211; La suspensi\u00f3n del tiempo de Marina Layana. (FAB R\u00edo Negro) &#8211; Flor de Fernando del Castillo. Producci\u00f3n: Pamela Carlino. (Pulsar, Santa Fe) &#8211; Un ascensor sospechosamente grande, de Augusto Robert Vaudagna. Producci\u00f3n: Juli\u00e1n L\u00f3pez. (Pulsar Santa Fe) &#8211; En la piel del familiar de Emilio L\u00f3pez. Producci\u00f3n: B\u00e1rbara Volpatti. (Pulsar Santa Fe) &#8211; Chalet de Joaqu\u00edn Gamba y Lucio Gagliardo. Producci\u00f3n: Ana Taleb. (Pulsar Santa Fe) &#8211; Ramona de Lisa Caligaris. Producci\u00f3n: Francisco Matiozzi Molinas. (Pulsar Santa Fe) &#8211; Once familias de Andr\u00e9s Dentoni. Producci\u00f3n: Paula Kuschnir. (Pulsar Santa Fe) &#8211; Azara de Paula Manzone. Producci\u00f3n: Juan Ferreira, Oriana Castro, Nicol\u00e1s Werner y Luc\u00eda Alca\u00edn. (IAAVIM MAEF Misiones) &#8211; Ramoncito de Conrado Ar\u00e9valo. Producci\u00f3n: Elbio Vargas. (ARAER Entre R\u00edos) &#8211; El rodeo de Regina Prina. Producci\u00f3n: Milagros Aranda. (ARAER Entre R\u00edos) &#8211; Despu\u00e9s de una maldici\u00f3n, los milagros de Yamila Cabrera. Producci\u00f3n: Natalia Pauloni. (ARAER Entre R\u00edos) &#8211; Los visitantes de Faustino Sosa y Julieta Alegre. Producci\u00f3n: Faustino Sosa. (ARAER Entre R\u00edos) &#8211; Camino de Germ\u00e1n Berger. Producci\u00f3n: Nahuel Balcarce. (ARAER Entre R\u00edos) &#8211; Las cuchillas de Renzo Blanc. Producci\u00f3n: Virginia Tournour. ARAER Entre R\u00edos.<\/p>\n","protected":false},"author":12,"featured_media":8862,"comment_status":"open","ping_status":"open","sticky":false,"template":"","format":"standard","meta":{"footnotes":""},"categories":[236],"tags":[],"class_list":["post-8861","post","type-post","status-publish","format-standard","has-post-thumbnail","hentry","category-ficer-2025"],"_links":{"self":[{"href":"https:\/\/ficer.com.ar\/2025\/wp-json\/wp\/v2\/posts\/8861","targetHints":{"allow":["GET"]}}],"collection":[{"href":"https:\/\/ficer.com.ar\/2025\/wp-json\/wp\/v2\/posts"}],"about":[{"href":"https:\/\/ficer.com.ar\/2025\/wp-json\/wp\/v2\/types\/post"}],"author":[{"embeddable":true,"href":"https:\/\/ficer.com.ar\/2025\/wp-json\/wp\/v2\/users\/12"}],"replies":[{"embeddable":true,"href":"https:\/\/ficer.com.ar\/2025\/wp-json\/wp\/v2\/comments?post=8861"}],"version-history":[{"count":2,"href":"https:\/\/ficer.com.ar\/2025\/wp-json\/wp\/v2\/posts\/8861\/revisions"}],"predecessor-version":[{"id":8865,"href":"https:\/\/ficer.com.ar\/2025\/wp-json\/wp\/v2\/posts\/8861\/revisions\/8865"}],"wp:featuredmedia":[{"embeddable":true,"href":"https:\/\/ficer.com.ar\/2025\/wp-json\/wp\/v2\/media\/8862"}],"wp:attachment":[{"href":"https:\/\/ficer.com.ar\/2025\/wp-json\/wp\/v2\/media?parent=8861"}],"wp:term":[{"taxonomy":"category","embeddable":true,"href":"https:\/\/ficer.com.ar\/2025\/wp-json\/wp\/v2\/categories?post=8861"},{"taxonomy":"post_tag","embeddable":true,"href":"https:\/\/ficer.com.ar\/2025\/wp-json\/wp\/v2\/tags?post=8861"}],"curies":[{"name":"wp","href":"https:\/\/api.w.org\/{rel}","templated":true}]}}