{"id":8879,"date":"2025-11-26T08:00:00","date_gmt":"2025-11-26T11:00:00","guid":{"rendered":"https:\/\/ficer.com.ar\/2025\/?p=8879"},"modified":"2025-11-26T09:05:06","modified_gmt":"2025-11-26T12:05:06","slug":"cinemateca-presente","status":"publish","type":"post","link":"https:\/\/ficer.com.ar\/2025\/cinemateca-presente\/","title":{"rendered":"Cinemateca, presente"},"content":{"rendered":"\n<figure class=\"wp-block-image size-full\"><img fetchpriority=\"high\" decoding=\"async\" width=\"980\" height=\"653\" src=\"https:\/\/ficer.com.ar\/2025\/wp-content\/uploads\/2025\/11\/Cinemateca-2.jpg\" alt=\"\" class=\"wp-image-8880\" srcset=\"https:\/\/ficer.com.ar\/2025\/wp-content\/uploads\/2025\/11\/Cinemateca-2.jpg 980w, https:\/\/ficer.com.ar\/2025\/wp-content\/uploads\/2025\/11\/Cinemateca-2-300x200.jpg 300w, https:\/\/ficer.com.ar\/2025\/wp-content\/uploads\/2025\/11\/Cinemateca-2-768x512.jpg 768w\" sizes=\"(max-width: 980px) 100vw, 980px\" \/><\/figure>\n\n\n\n<p>Fue inaugurada el pasado 20 de noviembre la sede de Cinemateca de Entre R\u00edos en el edificio Mirador TEC (Gregoria Matorras 859). La entidad, fundada en 2023, tiene el objetivo de preservar el legado y la identidad en imagen y sonido de la provincia. Eduardo Crespo, uno de los impulsores del proyecto, expres\u00f3 que: \u201ces un sue\u00f1o cumplido que en este tiempo, donde todo parece volverse ef\u00edmero y las im\u00e1genes circulan a una velocidad que amenaza con borrar nuestra memoria, la provincia apueste por un espacio que garantice la preservaci\u00f3n y el acceso a su historia audiovisual. Tener una cinemateca es, tambi\u00e9n, sostener una forma de habitar el futuro.\u201d<br><br>Durante 2025 la Cinemateca llev\u00f3 adelante el programa <em>Temporada de Rescate<\/em> en distintas ciudades de la provincia, con el objetivo de reunir materiales en diferentes formatos para conformar un archivo visual y cinematogr\u00e1fico. Gracias a ese trabajo ya se han recuperado m\u00e1s de dos mil horas entre pel\u00edculas, registros familiares, documentos institucionales y hallazgos de cines y archivos privados. Adem\u00e1s de preservar y organizar este acervo, la sede contar\u00e1 con un \u00e1rea abierta al p\u00fablico para que artistas e investigadores puedan consultar y trabajar con los materiales.<\/p>\n\n\n\n<p>En l\u00ednea con su misi\u00f3n, la Cinemateca se suma a la programaci\u00f3n del FICER con una selecci\u00f3n de obras hist\u00f3ricas. Se proyectar\u00e1 <em>Los inundados<\/em> (1962) de Fernando Birri \u2014figura fundamental del cine latinoamericano\u2014 al cumplirse cien a\u00f1os de su nacimiento. La pel\u00edcula, que retrata la evacuaci\u00f3n de un barrio santafesino durante la crecida del Salado, se ver\u00e1 el mi\u00e9rcoles 26 a las 23:00 en la sala Noble del IAAER.<\/p>\n\n\n\n<p>La propuesta incluye adem\u00e1s tres cortometrajes recuperados, que se proyectar\u00e1n el viernes 28 a las 20:30. <em>L\u00e1zaro Blanco, una leyenda de 100 a\u00f1os<\/em> (1995) de Rolando L\u00f3pez y Luis Cazes aborda la figura m\u00edtica del personaje entrerriano a partir de los relatos de Linares Cardozo. <em>Kuarahy Ohecha (El sol lo vio)<\/em> (1968) de Dominique Dubosc registra un d\u00eda en la vida de una familia campesina paraguaya. Y <em>La doma<\/em> (1969) de Patricio Coll muestra una tradicional jornada de amanse de caballos en una estancia entrerriana.<\/p>\n\n\n\n<p>Como cierre del d\u00eda viernes 28 a las 23:59, tendremos la oportunidad de ver en pantalla grande <em>Se\u00f1ora de nadie<\/em> (1982) de Mar\u00eda Luisa Bemberg, una de las grandes directoras del cine argentino y latinoamericano. La pel\u00edcula sigue a una ama de casa que, luego de descubrir que su marido la enga\u00f1a, se va del hogar para, con m\u00e1s miedo que convicci\u00f3n, comenzar una b\u00fasqueda de s\u00ed misma.<br>Todas las proyecciones con entrada libre y gratuita.<\/p>\n","protected":false},"excerpt":{"rendered":"<p>Fue inaugurada el pasado 20 de noviembre la sede de Cinemateca de Entre R\u00edos en el edificio Mirador TEC (Gregoria Matorras 859). La entidad, fundada en 2023, tiene el objetivo de preservar el legado y la identidad en imagen y sonido de la provincia. Eduardo Crespo, uno de los impulsores del proyecto, expres\u00f3 que: \u201ces un sue\u00f1o cumplido que en este tiempo, donde todo parece volverse ef\u00edmero y las im\u00e1genes circulan a una velocidad que amenaza con borrar nuestra memoria, la provincia apueste por un espacio que garantice la preservaci\u00f3n y el acceso a su historia audiovisual. Tener una cinemateca es, tambi\u00e9n, sostener una forma de habitar el futuro.\u201d Durante 2025 la Cinemateca llev\u00f3 adelante el programa Temporada de Rescate en distintas ciudades de la provincia, con el objetivo de reunir materiales en diferentes formatos para conformar un archivo visual y cinematogr\u00e1fico. Gracias a ese trabajo ya se han recuperado m\u00e1s de dos mil horas entre pel\u00edculas, registros familiares, documentos institucionales y hallazgos de cines y archivos privados. Adem\u00e1s de preservar y organizar este acervo, la sede contar\u00e1 con un \u00e1rea abierta al p\u00fablico para que artistas e investigadores puedan consultar y trabajar con los materiales. En l\u00ednea con su misi\u00f3n, la Cinemateca se suma a la programaci\u00f3n del FICER con una selecci\u00f3n de obras hist\u00f3ricas. Se proyectar\u00e1 Los inundados (1962) de Fernando Birri \u2014figura fundamental del cine latinoamericano\u2014 al cumplirse cien a\u00f1os de su nacimiento. La pel\u00edcula, que retrata la evacuaci\u00f3n de un barrio santafesino durante la crecida del Salado, se ver\u00e1 el mi\u00e9rcoles 26 a las 23:00 en la sala Noble del IAAER. La propuesta incluye adem\u00e1s tres cortometrajes recuperados, que se proyectar\u00e1n el viernes 28 a las 20:30. L\u00e1zaro Blanco, una leyenda de 100 a\u00f1os (1995) de Rolando L\u00f3pez y Luis Cazes aborda la figura m\u00edtica del personaje entrerriano a partir de los relatos de Linares Cardozo. Kuarahy Ohecha (El sol lo vio) (1968) de Dominique Dubosc registra un d\u00eda en la vida de una familia campesina paraguaya. Y La doma (1969) de Patricio Coll muestra una tradicional jornada de amanse de caballos en una estancia entrerriana. Como cierre del d\u00eda viernes 28 a las 23:59, tendremos la oportunidad de ver en pantalla grande Se\u00f1ora de nadie (1982) de Mar\u00eda Luisa Bemberg, una de las grandes directoras del cine argentino y latinoamericano. La pel\u00edcula sigue a una ama de casa que, luego de descubrir que su marido la enga\u00f1a, se va del hogar para, con m\u00e1s miedo que convicci\u00f3n, comenzar una b\u00fasqueda de s\u00ed misma.Todas las proyecciones con entrada libre y gratuita.<\/p>\n","protected":false},"author":12,"featured_media":8921,"comment_status":"open","ping_status":"open","sticky":false,"template":"","format":"standard","meta":{"footnotes":""},"categories":[236],"tags":[],"class_list":["post-8879","post","type-post","status-publish","format-standard","has-post-thumbnail","hentry","category-ficer-2025"],"_links":{"self":[{"href":"https:\/\/ficer.com.ar\/2025\/wp-json\/wp\/v2\/posts\/8879","targetHints":{"allow":["GET"]}}],"collection":[{"href":"https:\/\/ficer.com.ar\/2025\/wp-json\/wp\/v2\/posts"}],"about":[{"href":"https:\/\/ficer.com.ar\/2025\/wp-json\/wp\/v2\/types\/post"}],"author":[{"embeddable":true,"href":"https:\/\/ficer.com.ar\/2025\/wp-json\/wp\/v2\/users\/12"}],"replies":[{"embeddable":true,"href":"https:\/\/ficer.com.ar\/2025\/wp-json\/wp\/v2\/comments?post=8879"}],"version-history":[{"count":1,"href":"https:\/\/ficer.com.ar\/2025\/wp-json\/wp\/v2\/posts\/8879\/revisions"}],"predecessor-version":[{"id":8881,"href":"https:\/\/ficer.com.ar\/2025\/wp-json\/wp\/v2\/posts\/8879\/revisions\/8881"}],"wp:featuredmedia":[{"embeddable":true,"href":"https:\/\/ficer.com.ar\/2025\/wp-json\/wp\/v2\/media\/8921"}],"wp:attachment":[{"href":"https:\/\/ficer.com.ar\/2025\/wp-json\/wp\/v2\/media?parent=8879"}],"wp:term":[{"taxonomy":"category","embeddable":true,"href":"https:\/\/ficer.com.ar\/2025\/wp-json\/wp\/v2\/categories?post=8879"},{"taxonomy":"post_tag","embeddable":true,"href":"https:\/\/ficer.com.ar\/2025\/wp-json\/wp\/v2\/tags?post=8879"}],"curies":[{"name":"wp","href":"https:\/\/api.w.org\/{rel}","templated":true}]}}