{"id":8882,"date":"2025-11-27T10:50:43","date_gmt":"2025-11-27T13:50:43","guid":{"rendered":"https:\/\/ficer.com.ar\/2025\/?p=8882"},"modified":"2025-11-27T10:50:45","modified_gmt":"2025-11-27T13:50:45","slug":"premio-tilda-thamar-el-maximo-galardon-del-ficer-2025","status":"publish","type":"post","link":"https:\/\/ficer.com.ar\/2025\/premio-tilda-thamar-el-maximo-galardon-del-ficer-2025\/","title":{"rendered":"Premio Tilda Thamar, el m\u00e1ximo galard\u00f3n del FICER 2025"},"content":{"rendered":"\n<p><\/p>\n\n\n\n<p>El Festival Internacional de Cine de Entre R\u00edos (FICER) cuenta entre sus distinciones con el premio Tilda Thamar a la trayectoria y a la labor en defensa del cine argentino. En esta s\u00e9ptima edici\u00f3n son cinco los elegidos para este reconocimiento.<\/p>\n\n\n\n<p>En la ceremonia de apertura fueron distinguidas dos personalidades muy significativas para el cine entrerriano. Por un lado, fue galardonada la directora, guionista y productora paranaense Celina Murga; de destacada trayectoria nacional e internacional. Presidi\u00f3 el FICER en dos ocasiones y en la actual edici\u00f3n integra el jurado del Forum. A su vez, en la misma instancia, se otorg\u00f3 el reconocimiento Tilda Thamar a Fabi\u00e1n Muteverr\u00eda, quien en su extensa labor en el Instituto Aut\u00e1rquico Audiovisual de Entre R\u00edos ha difundido el cine en todos y en cada uno de los rincones de la provincia y, de este modo, ha despertado el inter\u00e9s por las pel\u00edculas en muchas generaciones.<\/p>\n\n\n\n<p>Por otro lado, en el acto de cierre, se otorgar\u00e1 este reconocimiento al cineasta chileno Ignacio Ag\u00fcero, figura fundamental del cine latinoamericano e invitado de honor de esta s\u00e9ptima edici\u00f3n, quien estar\u00e1 presentando cuatro de sus pel\u00edculas en el marco de un foco dedicado a su obra. A su vez, recibir\u00e1 el galard\u00f3n el periodista, cr\u00edtico y programador, Luciano Monteagudo, cuyo trabajo es una referencia en la cultura cinematogr\u00e1fica de todo el mundo. Entre otras tareas reconocidas, ha sido programador de la m\u00edtica Sala Lugones y en la Berlinale, y jurado de festivales internacionales como los de Locarno, Venecia y el propio FICER. Adem\u00e1s ser\u00e1 destacada la historiadora, especialista en conservaci\u00f3n, docente e investigadora, Paula F\u00e9lix-Didier. Directora del Museo del Cine Pablo Ducr\u00f3s Hicken, quien recientemente ha recibido el premio Jean Mitry del festival de Pordenone por su contribuci\u00f3n al estudio y valoraci\u00f3n del cine mudo.<\/p>\n\n\n\n<p>La denominaci\u00f3n del galard\u00f3n Tilda Thamar es un homenaje a la gran actriz, directora y artista pl\u00e1stica nacida en Urdinarrain (Entre R\u00edos) en 1917. Conocida en Francia como \u201cla bomba rubia argentina\u201d, fue una estrella de cine que brill\u00f3 a mediados del siglo pasado, participando en unas setenta pel\u00edculas entre Argentina y Francia.<\/p>\n\n\n\n<p>El premio Tilda Thamar comenz\u00f3 a entregarse en la edici\u00f3n anterior del FICER. En esa ocasi\u00f3n, los destinatarios fueron la actriz de cine, teatro y televisi\u00f3n, Adriana Aizemberg; el investigador, divulgador, conservacionista, cr\u00edtico y docente, Fernando Mart\u00edn Pe\u00f1a; y la poeta, traductora, educadora y cineasta, Marilyn Contardi. A su vez, el director del Festival de Cine de San Sebasti\u00e1n, Jos\u00e9 Luis Rebordinos, recibi\u00f3 este reconocimiento en el marco de la r\u00fabrica de un acuerdo con autoridades del Estado provincial que impulsa la colaboraci\u00f3n mutua entre los festivales.<\/p>\n","protected":false},"excerpt":{"rendered":"<p>El Festival Internacional de Cine de Entre R\u00edos (FICER) cuenta entre sus distinciones con el premio Tilda Thamar a la trayectoria y a la labor en defensa del cine argentino. En esta s\u00e9ptima edici\u00f3n son cinco los elegidos para este reconocimiento. En la ceremonia de apertura fueron distinguidas dos personalidades muy significativas para el cine entrerriano. Por un lado, fue galardonada la directora, guionista y productora paranaense Celina Murga; de destacada trayectoria nacional e internacional. Presidi\u00f3 el FICER en dos ocasiones y en la actual edici\u00f3n integra el jurado del Forum. A su vez, en la misma instancia, se otorg\u00f3 el reconocimiento Tilda Thamar a Fabi\u00e1n Muteverr\u00eda, quien en su extensa labor en el Instituto Aut\u00e1rquico Audiovisual de Entre R\u00edos ha difundido el cine en todos y en cada uno de los rincones de la provincia y, de este modo, ha despertado el inter\u00e9s por las pel\u00edculas en muchas generaciones. Por otro lado, en el acto de cierre, se otorgar\u00e1 este reconocimiento al cineasta chileno Ignacio Ag\u00fcero, figura fundamental del cine latinoamericano e invitado de honor de esta s\u00e9ptima edici\u00f3n, quien estar\u00e1 presentando cuatro de sus pel\u00edculas en el marco de un foco dedicado a su obra. A su vez, recibir\u00e1 el galard\u00f3n el periodista, cr\u00edtico y programador, Luciano Monteagudo, cuyo trabajo es una referencia en la cultura cinematogr\u00e1fica de todo el mundo. Entre otras tareas reconocidas, ha sido programador de la m\u00edtica Sala Lugones y en la Berlinale, y jurado de festivales internacionales como los de Locarno, Venecia y el propio FICER. Adem\u00e1s ser\u00e1 destacada la historiadora, especialista en conservaci\u00f3n, docente e investigadora, Paula F\u00e9lix-Didier. Directora del Museo del Cine Pablo Ducr\u00f3s Hicken, quien recientemente ha recibido el premio Jean Mitry del festival de Pordenone por su contribuci\u00f3n al estudio y valoraci\u00f3n del cine mudo. La denominaci\u00f3n del galard\u00f3n Tilda Thamar es un homenaje a la gran actriz, directora y artista pl\u00e1stica nacida en Urdinarrain (Entre R\u00edos) en 1917. Conocida en Francia como \u201cla bomba rubia argentina\u201d, fue una estrella de cine que brill\u00f3 a mediados del siglo pasado, participando en unas setenta pel\u00edculas entre Argentina y Francia. El premio Tilda Thamar comenz\u00f3 a entregarse en la edici\u00f3n anterior del FICER. En esa ocasi\u00f3n, los destinatarios fueron la actriz de cine, teatro y televisi\u00f3n, Adriana Aizemberg; el investigador, divulgador, conservacionista, cr\u00edtico y docente, Fernando Mart\u00edn Pe\u00f1a; y la poeta, traductora, educadora y cineasta, Marilyn Contardi. A su vez, el director del Festival de Cine de San Sebasti\u00e1n, Jos\u00e9 Luis Rebordinos, recibi\u00f3 este reconocimiento en el marco de la r\u00fabrica de un acuerdo con autoridades del Estado provincial que impulsa la colaboraci\u00f3n mutua entre los festivales.<\/p>\n","protected":false},"author":12,"featured_media":8938,"comment_status":"open","ping_status":"open","sticky":false,"template":"","format":"standard","meta":{"footnotes":""},"categories":[236],"tags":[],"class_list":["post-8882","post","type-post","status-publish","format-standard","has-post-thumbnail","hentry","category-ficer-2025"],"_links":{"self":[{"href":"https:\/\/ficer.com.ar\/2025\/wp-json\/wp\/v2\/posts\/8882","targetHints":{"allow":["GET"]}}],"collection":[{"href":"https:\/\/ficer.com.ar\/2025\/wp-json\/wp\/v2\/posts"}],"about":[{"href":"https:\/\/ficer.com.ar\/2025\/wp-json\/wp\/v2\/types\/post"}],"author":[{"embeddable":true,"href":"https:\/\/ficer.com.ar\/2025\/wp-json\/wp\/v2\/users\/12"}],"replies":[{"embeddable":true,"href":"https:\/\/ficer.com.ar\/2025\/wp-json\/wp\/v2\/comments?post=8882"}],"version-history":[{"count":3,"href":"https:\/\/ficer.com.ar\/2025\/wp-json\/wp\/v2\/posts\/8882\/revisions"}],"predecessor-version":[{"id":8934,"href":"https:\/\/ficer.com.ar\/2025\/wp-json\/wp\/v2\/posts\/8882\/revisions\/8934"}],"wp:featuredmedia":[{"embeddable":true,"href":"https:\/\/ficer.com.ar\/2025\/wp-json\/wp\/v2\/media\/8938"}],"wp:attachment":[{"href":"https:\/\/ficer.com.ar\/2025\/wp-json\/wp\/v2\/media?parent=8882"}],"wp:term":[{"taxonomy":"category","embeddable":true,"href":"https:\/\/ficer.com.ar\/2025\/wp-json\/wp\/v2\/categories?post=8882"},{"taxonomy":"post_tag","embeddable":true,"href":"https:\/\/ficer.com.ar\/2025\/wp-json\/wp\/v2\/tags?post=8882"}],"curies":[{"name":"wp","href":"https:\/\/api.w.org\/{rel}","templated":true}]}}