{"id":8885,"date":"2025-11-24T19:01:12","date_gmt":"2025-11-24T22:01:12","guid":{"rendered":"https:\/\/ficer.com.ar\/2025\/?p=8885"},"modified":"2025-11-24T19:01:14","modified_gmt":"2025-11-24T22:01:14","slug":"el-documentalista-chileno-ignacio-aguero-sera-el-invitado-de-honor-del-7ficer","status":"publish","type":"post","link":"https:\/\/ficer.com.ar\/2025\/el-documentalista-chileno-ignacio-aguero-sera-el-invitado-de-honor-del-7ficer\/","title":{"rendered":"El documentalista chileno Ignacio Ag\u00fcero ser\u00e1 el invitado de honor del #7FICER"},"content":{"rendered":"\n<p>Se proyectar\u00e1n cuatro de sus pel\u00edculas y brindar\u00e1 una clase abierta al p\u00fablico, donde compartir\u00e1 su experiencia como cineasta. La 7\u00b0 Edici\u00f3n del Festival Internacional de Cine de Entre R\u00edos (FICER) se realizar\u00e1 en Paran\u00e1, desde este martes 25 hasta el domingo 30. Es organizado por el Gobierno de Entre R\u00edos, a trav\u00e9s del Instituto Aut\u00e1rquico Audiovisual de Entre R\u00edos (IAAER).<\/p>\n\n\n\n<p>Esta nueva edici\u00f3n del FICER, entre su nutrida agenda, tambi\u00e9n contar\u00e1 con la presencia de este destacado realizador del cine documental latinoamericano. Adem\u00e1s de un foco dedicado a su filmograf\u00eda, Ag\u00fcero compartir\u00e1 su experiencia, su m\u00e9todo y su forma de entender el cine a trav\u00e9s de una clase magistral abierta al p\u00fablico. Una oportunidad \u00fanica para cineastas, estudiantes y amantes del denominado S\u00e9ptimo Arte. Tambi\u00e9n se proyectar\u00e1n cuatro de sus pel\u00edculas a lo largo de la semana.<\/p>\n\n\n\n<p><strong>Sobre el invitado<\/strong><\/p>\n\n\n\n<p>Nacido en Santiago de Chile en 1952, Ignacio Ag\u00fcero se especializa en cine documental.\u200b&nbsp;<\/p>\n\n\n\n<p>Es un cineasta cuya obra transform\u00f3 la manera en que se mira, piensa y habita el mundo a trav\u00e9s de las im\u00e1genes en movimiento. El cine de Ag\u00fcero se distingue por una percepci\u00f3n perspicaz y sensible, capaz de revelar lo extraordinario en lo cotidiano. Con una c\u00e1mara atenta al tiempo, a los gestos m\u00ednimos y a la vida que se esconde en los rincones, sus pel\u00edculas interrogan la construcci\u00f3n del espacio, la relaci\u00f3n entre el cineasta y lo que filma y la propia naturaleza de la mirada.<\/p>\n\n\n\n<p><strong>Agenda de su clase abierta y proyecciones<\/strong><\/p>\n\n\n\n<p>Se presentar\u00e1n cuatro obras que recorren distintas etapas de su trayectoria y condensa su pensamiento cinematogr\u00e1fico:<\/p>\n\n\n\n<p>-Cien ni\u00f1os esperando un tren (1988); mi\u00e9rcoles 26 a las 20 en la Sala Rub\u00e9n Noble \u2013 IAAER (Gregoria Matorras 861)<\/p>\n\n\n\n<p>-El otro d\u00eda (2012); jueves 27 a las 19.30 en la Sala Rub\u00e9n Noble.<\/p>\n\n\n\n<p>-Cartas a mis padres muertos (2025); viernes 28 a las 20, en el Cine Las Tipas (Shopping Paso del Paran\u00e1 \u2013 Corrientes y San Lorenzo)<\/p>\n\n\n\n<p>-Aqu\u00ed se construye (o ya no existe el lugar donde nac\u00ed) (2000); s\u00e1bado 29, a las 18 en la Sala Ver\u00f3nica Kuttel (La Vieja Usina \u2013 Gregoria Matorras 859).<\/p>\n\n\n\n<p>-Clase magistral abierta al p\u00fablico: el s\u00e1bado 29 a las 11 en la Sala Noble del IAAER para cineastas, estudiantes y amantes del cine de la regi\u00f3n.<\/p>\n\n\n\n<p>Todas las salas est\u00e1n climatizadas. Las proyecciones se realizan con el apoyo del Centro Cultural Matta y Embajada de Chile en Argentina.<\/p>\n\n\n\n<p>Descarg\u00e1 el cat\u00e1logo con la programaci\u00f3n completa del FICER 2025 ingresando a:<a href=\"https:\/\/ficer.com.ar\/2025\/\"> www.ficer.com.ar<\/a><\/p>\n","protected":false},"excerpt":{"rendered":"<p>Se proyectar\u00e1n cuatro de sus pel\u00edculas y brindar\u00e1 una clase abierta al p\u00fablico, donde compartir\u00e1 su experiencia como cineasta. La 7\u00b0 Edici\u00f3n del Festival Internacional de Cine de Entre R\u00edos (FICER) se realizar\u00e1 en Paran\u00e1, desde este martes 25 hasta el domingo 30. Es organizado por el Gobierno de Entre R\u00edos, a trav\u00e9s del Instituto Aut\u00e1rquico Audiovisual de Entre R\u00edos (IAAER). Esta nueva edici\u00f3n del FICER, entre su nutrida agenda, tambi\u00e9n contar\u00e1 con la presencia de este destacado realizador del cine documental latinoamericano. Adem\u00e1s de un foco dedicado a su filmograf\u00eda, Ag\u00fcero compartir\u00e1 su experiencia, su m\u00e9todo y su forma de entender el cine a trav\u00e9s de una clase magistral abierta al p\u00fablico. Una oportunidad \u00fanica para cineastas, estudiantes y amantes del denominado S\u00e9ptimo Arte. Tambi\u00e9n se proyectar\u00e1n cuatro de sus pel\u00edculas a lo largo de la semana. Sobre el invitado Nacido en Santiago de Chile en 1952, Ignacio Ag\u00fcero se especializa en cine documental.\u200b&nbsp; Es un cineasta cuya obra transform\u00f3 la manera en que se mira, piensa y habita el mundo a trav\u00e9s de las im\u00e1genes en movimiento. El cine de Ag\u00fcero se distingue por una percepci\u00f3n perspicaz y sensible, capaz de revelar lo extraordinario en lo cotidiano. Con una c\u00e1mara atenta al tiempo, a los gestos m\u00ednimos y a la vida que se esconde en los rincones, sus pel\u00edculas interrogan la construcci\u00f3n del espacio, la relaci\u00f3n entre el cineasta y lo que filma y la propia naturaleza de la mirada. Agenda de su clase abierta y proyecciones Se presentar\u00e1n cuatro obras que recorren distintas etapas de su trayectoria y condensa su pensamiento cinematogr\u00e1fico: -Cien ni\u00f1os esperando un tren (1988); mi\u00e9rcoles 26 a las 20 en la Sala Rub\u00e9n Noble \u2013 IAAER (Gregoria Matorras 861) -El otro d\u00eda (2012); jueves 27 a las 19.30 en la Sala Rub\u00e9n Noble. -Cartas a mis padres muertos (2025); viernes 28 a las 20, en el Cine Las Tipas (Shopping Paso del Paran\u00e1 \u2013 Corrientes y San Lorenzo) -Aqu\u00ed se construye (o ya no existe el lugar donde nac\u00ed) (2000); s\u00e1bado 29, a las 18 en la Sala Ver\u00f3nica Kuttel (La Vieja Usina \u2013 Gregoria Matorras 859). -Clase magistral abierta al p\u00fablico: el s\u00e1bado 29 a las 11 en la Sala Noble del IAAER para cineastas, estudiantes y amantes del cine de la regi\u00f3n. Todas las salas est\u00e1n climatizadas. Las proyecciones se realizan con el apoyo del Centro Cultural Matta y Embajada de Chile en Argentina. Descarg\u00e1 el cat\u00e1logo con la programaci\u00f3n completa del FICER 2025 ingresando a: www.ficer.com.ar<\/p>\n","protected":false},"author":12,"featured_media":8887,"comment_status":"open","ping_status":"open","sticky":false,"template":"","format":"standard","meta":{"footnotes":""},"categories":[236],"tags":[],"class_list":["post-8885","post","type-post","status-publish","format-standard","has-post-thumbnail","hentry","category-ficer-2025"],"_links":{"self":[{"href":"https:\/\/ficer.com.ar\/2025\/wp-json\/wp\/v2\/posts\/8885","targetHints":{"allow":["GET"]}}],"collection":[{"href":"https:\/\/ficer.com.ar\/2025\/wp-json\/wp\/v2\/posts"}],"about":[{"href":"https:\/\/ficer.com.ar\/2025\/wp-json\/wp\/v2\/types\/post"}],"author":[{"embeddable":true,"href":"https:\/\/ficer.com.ar\/2025\/wp-json\/wp\/v2\/users\/12"}],"replies":[{"embeddable":true,"href":"https:\/\/ficer.com.ar\/2025\/wp-json\/wp\/v2\/comments?post=8885"}],"version-history":[{"count":1,"href":"https:\/\/ficer.com.ar\/2025\/wp-json\/wp\/v2\/posts\/8885\/revisions"}],"predecessor-version":[{"id":8888,"href":"https:\/\/ficer.com.ar\/2025\/wp-json\/wp\/v2\/posts\/8885\/revisions\/8888"}],"wp:featuredmedia":[{"embeddable":true,"href":"https:\/\/ficer.com.ar\/2025\/wp-json\/wp\/v2\/media\/8887"}],"wp:attachment":[{"href":"https:\/\/ficer.com.ar\/2025\/wp-json\/wp\/v2\/media?parent=8885"}],"wp:term":[{"taxonomy":"category","embeddable":true,"href":"https:\/\/ficer.com.ar\/2025\/wp-json\/wp\/v2\/categories?post=8885"},{"taxonomy":"post_tag","embeddable":true,"href":"https:\/\/ficer.com.ar\/2025\/wp-json\/wp\/v2\/tags?post=8885"}],"curies":[{"name":"wp","href":"https:\/\/api.w.org\/{rel}","templated":true}]}}