{"id":8928,"date":"2025-11-26T12:24:52","date_gmt":"2025-11-26T15:24:52","guid":{"rendered":"https:\/\/ficer.com.ar\/2025\/?p=8928"},"modified":"2025-11-26T12:24:53","modified_gmt":"2025-11-26T15:24:53","slug":"continua-la-programacion-del-festival-internacional-de-cine-de-entre-rios-ficer","status":"publish","type":"post","link":"https:\/\/ficer.com.ar\/2025\/continua-la-programacion-del-festival-internacional-de-cine-de-entre-rios-ficer\/","title":{"rendered":"Contin\u00faa la programaci\u00f3n del Festival Internacional de Cine de Entre R\u00edos (FICER)"},"content":{"rendered":"\n<p>Este mi\u00e9rcoles siguen las proyecciones y actividades especiales con entrada libre y gratuita. En el primer d\u00eda se entregaron, adem\u00e1s, distinciones a la trayectoria y la labor por el cine. Organiza el Gobierno de Entre R\u00edos a trav\u00e9s del Instituto Aut\u00e1rquico Audiovisual (IAAER).&nbsp;<\/p>\n\n\n\n<p>Los destacados de este mi\u00e9rcoles son:<\/p>\n\n\n\n<p>-Comienza el Cine Infantil con la proyecci\u00f3n de Checker Tobi, de Johannes Honsell, desde las 15. En el Primer Piso del CPC.<\/p>\n\n\n\n<p>-Cine Internacional: se proyectar\u00e1 Con Hasan en Gaza, de Kamal&nbsp; Aljafari. A las 15 en Cine Las Tipas (Corrientes y San Lorenzo).<\/p>\n\n\n\n<p>-Secci\u00f3n Oficial: se proyectar\u00e1 a las 19.30, Museo de la subversi\u00f3n, de Francisco D\u00b4Eufemia y el cortometraje entrerriano Parte del r\u00edo, de Fernando Solanas. Sala Ver\u00f3nica Kuttel \u2013 La Vieja Usina (Gregoria Matorras 859).<\/p>\n\n\n\n<p>-Foco Ignacio Ag\u00fcero: proyecci\u00f3n de Cien ni\u00f1os esperando un tren, a las 20hs y el cortometraje Puro andar, de Luciana Decker Orozco. Sala Rub\u00e9n Noble del IAAER (Gregoria Matorras 861)<\/p>\n\n\n\n<p>-Cine entrerriano: Estreno de Emboscada, de Mauro Bedendo y el cortometraje El viaje, de Julio G\u00f3mez. A las 22 en el primer Piso del CPC.<\/p>\n\n\n\n<p>-Cinemateca Presenta: proyecci\u00f3n de Los inundados, de Fernando Birri. A las 23, en Sala Rub\u00e9n Noble del IAAER (Gregoria Matorras 861).<\/p>\n\n\n\n<p><strong>Distinciones<\/strong>&nbsp;<\/p>\n\n\n\n<p>El Festival Internacional de Cine de Entre R\u00edos (FICER) cuenta entre sus distinciones con el premio Tilda Thamar. En esta s\u00e9ptima edici\u00f3n son cinco los elegidos para este reconocimiento.&nbsp;<\/p>\n\n\n\n<p>En la ceremonia de apertura fueron distinguidas dos personalidades muy significativas para el cine entrerriano. Por un lado, fue galardonada la directora, guionista y productora paranaense Celina Murga; de destacada trayectoria nacional e internacional. Presidi\u00f3 el FICER en dos ocasiones y en la actual edici\u00f3n integra el jurado del Forum. A su vez, en la misma instancia, se otorg\u00f3 el reconocimiento Tilda Thamar a Fabi\u00e1n Muteverr\u00eda, quien en su extensa labor en el Instituto Aut\u00e1rquico Audiovisual de Entre R\u00edos ha difundido el cine en todos y en cada uno de los rincones de la provincia y, de este modo, ha despertado el inter\u00e9s por las pel\u00edculas en muchas generaciones.<\/p>\n\n\n\n<figure class=\"wp-block-image size-large\"><img fetchpriority=\"high\" decoding=\"async\" width=\"1024\" height=\"683\" src=\"https:\/\/ficer.com.ar\/2025\/wp-content\/uploads\/2025\/11\/image-7-1024x683.jpeg\" alt=\"\" class=\"wp-image-8930\" srcset=\"https:\/\/ficer.com.ar\/2025\/wp-content\/uploads\/2025\/11\/image-7-1024x683.jpeg 1024w, https:\/\/ficer.com.ar\/2025\/wp-content\/uploads\/2025\/11\/image-7-300x200.jpeg 300w, https:\/\/ficer.com.ar\/2025\/wp-content\/uploads\/2025\/11\/image-7-768x512.jpeg 768w, https:\/\/ficer.com.ar\/2025\/wp-content\/uploads\/2025\/11\/image-7-1536x1024.jpeg 1536w, https:\/\/ficer.com.ar\/2025\/wp-content\/uploads\/2025\/11\/image-7.jpeg 1600w\" sizes=\"(max-width: 1024px) 100vw, 1024px\" \/><\/figure>\n\n\n\n<p>\u201cSin equipo las cosas no funcionan, este reconocimiento es al trabajo de todos. Es la pasi\u00f3n por lo que uno hace en el d\u00eda a d\u00eda, haber conocido la provincia entera llevando el cine\u201d, expres\u00f3 Muteverr\u00eda luego de recibir el premio de manos del Ministro de Gobierno y Trabajo, Manuel Troncoso. \u201cLa ruralidad de muchos lugares era una cosa que desconoc\u00eda y que ahora la valoro mucho gracias a la experiencia con el Cinem\u00f3vil y tanta gente que voy conociendo\u201d, agreg\u00f3.<\/p>\n\n\n\n<p>*Acced\u00e9 a la programaci\u00f3n completa en este Link:<a href=\"https:\/\/drive.google.com\/file\/d\/1UvQjgE4zlKgWKThHkP0achJbT2GgfL8y\/view?usp=sharing\"> Grilla de Actividades FICER 2025<\/a><\/p>\n","protected":false},"excerpt":{"rendered":"<p>Este mi\u00e9rcoles siguen las proyecciones y actividades especiales con entrada libre y gratuita. En el primer d\u00eda se entregaron, adem\u00e1s, distinciones a la trayectoria y la labor por el cine. Organiza el Gobierno de Entre R\u00edos a trav\u00e9s del Instituto Aut\u00e1rquico Audiovisual (IAAER).&nbsp; Los destacados de este mi\u00e9rcoles son: -Comienza el Cine Infantil con la proyecci\u00f3n de Checker Tobi, de Johannes Honsell, desde las 15. En el Primer Piso del CPC. -Cine Internacional: se proyectar\u00e1 Con Hasan en Gaza, de Kamal&nbsp; Aljafari. A las 15 en Cine Las Tipas (Corrientes y San Lorenzo). -Secci\u00f3n Oficial: se proyectar\u00e1 a las 19.30, Museo de la subversi\u00f3n, de Francisco D\u00b4Eufemia y el cortometraje entrerriano Parte del r\u00edo, de Fernando Solanas. Sala Ver\u00f3nica Kuttel \u2013 La Vieja Usina (Gregoria Matorras 859). -Foco Ignacio Ag\u00fcero: proyecci\u00f3n de Cien ni\u00f1os esperando un tren, a las 20hs y el cortometraje Puro andar, de Luciana Decker Orozco. Sala Rub\u00e9n Noble del IAAER (Gregoria Matorras 861) -Cine entrerriano: Estreno de Emboscada, de Mauro Bedendo y el cortometraje El viaje, de Julio G\u00f3mez. A las 22 en el primer Piso del CPC. -Cinemateca Presenta: proyecci\u00f3n de Los inundados, de Fernando Birri. A las 23, en Sala Rub\u00e9n Noble del IAAER (Gregoria Matorras 861). Distinciones&nbsp; El Festival Internacional de Cine de Entre R\u00edos (FICER) cuenta entre sus distinciones con el premio Tilda Thamar. En esta s\u00e9ptima edici\u00f3n son cinco los elegidos para este reconocimiento.&nbsp; En la ceremonia de apertura fueron distinguidas dos personalidades muy significativas para el cine entrerriano. Por un lado, fue galardonada la directora, guionista y productora paranaense Celina Murga; de destacada trayectoria nacional e internacional. Presidi\u00f3 el FICER en dos ocasiones y en la actual edici\u00f3n integra el jurado del Forum. A su vez, en la misma instancia, se otorg\u00f3 el reconocimiento Tilda Thamar a Fabi\u00e1n Muteverr\u00eda, quien en su extensa labor en el Instituto Aut\u00e1rquico Audiovisual de Entre R\u00edos ha difundido el cine en todos y en cada uno de los rincones de la provincia y, de este modo, ha despertado el inter\u00e9s por las pel\u00edculas en muchas generaciones. \u201cSin equipo las cosas no funcionan, este reconocimiento es al trabajo de todos. Es la pasi\u00f3n por lo que uno hace en el d\u00eda a d\u00eda, haber conocido la provincia entera llevando el cine\u201d, expres\u00f3 Muteverr\u00eda luego de recibir el premio de manos del Ministro de Gobierno y Trabajo, Manuel Troncoso. \u201cLa ruralidad de muchos lugares era una cosa que desconoc\u00eda y que ahora la valoro mucho gracias a la experiencia con el Cinem\u00f3vil y tanta gente que voy conociendo\u201d, agreg\u00f3. *Acced\u00e9 a la programaci\u00f3n completa en este Link: Grilla de Actividades FICER 2025<\/p>\n","protected":false},"author":12,"featured_media":8931,"comment_status":"open","ping_status":"open","sticky":false,"template":"","format":"standard","meta":{"footnotes":""},"categories":[236],"tags":[],"class_list":["post-8928","post","type-post","status-publish","format-standard","has-post-thumbnail","hentry","category-ficer-2025"],"_links":{"self":[{"href":"https:\/\/ficer.com.ar\/2025\/wp-json\/wp\/v2\/posts\/8928","targetHints":{"allow":["GET"]}}],"collection":[{"href":"https:\/\/ficer.com.ar\/2025\/wp-json\/wp\/v2\/posts"}],"about":[{"href":"https:\/\/ficer.com.ar\/2025\/wp-json\/wp\/v2\/types\/post"}],"author":[{"embeddable":true,"href":"https:\/\/ficer.com.ar\/2025\/wp-json\/wp\/v2\/users\/12"}],"replies":[{"embeddable":true,"href":"https:\/\/ficer.com.ar\/2025\/wp-json\/wp\/v2\/comments?post=8928"}],"version-history":[{"count":1,"href":"https:\/\/ficer.com.ar\/2025\/wp-json\/wp\/v2\/posts\/8928\/revisions"}],"predecessor-version":[{"id":8932,"href":"https:\/\/ficer.com.ar\/2025\/wp-json\/wp\/v2\/posts\/8928\/revisions\/8932"}],"wp:featuredmedia":[{"embeddable":true,"href":"https:\/\/ficer.com.ar\/2025\/wp-json\/wp\/v2\/media\/8931"}],"wp:attachment":[{"href":"https:\/\/ficer.com.ar\/2025\/wp-json\/wp\/v2\/media?parent=8928"}],"wp:term":[{"taxonomy":"category","embeddable":true,"href":"https:\/\/ficer.com.ar\/2025\/wp-json\/wp\/v2\/categories?post=8928"},{"taxonomy":"post_tag","embeddable":true,"href":"https:\/\/ficer.com.ar\/2025\/wp-json\/wp\/v2\/tags?post=8928"}],"curies":[{"name":"wp","href":"https:\/\/api.w.org\/{rel}","templated":true}]}}